{"id":2643,"date":"2017-06-27T17:46:30","date_gmt":"2017-06-27T15:46:30","guid":{"rendered":"http:\/\/www.petra-busch.de\/pb\/?p=2643"},"modified":"2017-06-30T16:34:26","modified_gmt":"2017-06-30T14:34:26","slug":"kommissar-ehrlinspiel-ist-wieder-da","status":"publish","type":"post","link":"https:\/\/www.petra-busch.de\/pb\/?p=2643","title":{"rendered":"Kommissar Ehrlinspiel ist wieder da!"},"content":{"rendered":"<p><a href=\"http:\/\/www.petra-busch.de\/pb\/wp-content\/uploads\/2017\/06\/Cover_Busch-Deine_Seele_so_schwarz.jpg\"><img decoding=\"async\" loading=\"lazy\" class=\"alignleft size-full wp-image-2640\" src=\"http:\/\/www.petra-busch.de\/pb\/wp-content\/uploads\/2017\/06\/Cover_Busch-Deine_Seele_so_schwarz.jpg\" alt=\"Cover_Busch-Deine_Seele_so_schwarz\" width=\"165\" height=\"250\" \/><\/a><\/p>\n<p>Anfang November\u00a0ist es soweit: Kriminalhauptkommissar Moritz Ehrlinspiel und sein Team sind\u00a0in ihrem vierten Fall wieder dem B\u00f6sen auf der Spur. Darauf d\u00fcrfen sich Ehrlinspiel-Fans und Leser\/-innen,\u00a0die den\u00a0Freiburger Ermittler\u00a0erst entdecken, freuen:<\/p>\n<p>In einer Sommernacht kommt die Witwe Edith Felber ums Leben, als w\u00e4hrend eines Unwetters das Dach ihrer Werkstatt einst\u00fcrzt und sie unter sich begr\u00e4bt. Ihr Sohn, der Kriminaltechniker Lukas Felber, und <span style=\"color: #000000;\">dessen sensible Schwester Sarah sind schockiert. Erst recht, als sich der Tod der Mutter als Mord entpuppt.<\/span><\/p>\n<div><span style=\"color: #000000;\">Hauptkommissar Ehrlinspiel leitet die Ermittlungen, ihm zur Seite steht Karolina Baumann, die neue Konfliktberaterin im Polizeiteam. Als die beiden tiefer in die Familiengeschichte der Felbers dringen, ger\u00e4t ihr Kollege Lukas ins Zwielicht. Auch Baumann wei\u00df mehr als die Kollegen. Als sie sich Lukas anvertraut, gibt es einen weiteren Todesfall \u2026<\/span><\/div>\n<p><strong><span style=\"color: #000000;\">Taschenbuch &amp; Knaur eBook (Kindle):<\/span><\/strong><span style=\"color: #000000;\"> 448 Seiten<br \/>\n<\/span><strong style=\"color: #000000;\">Verlag:<\/strong><span style=\"color: #000000;\"> Droemer Knaur (2. November 2017)<br \/>\n<\/span><strong style=\"color: #000000;\">ISBN Taschenbuch:<\/strong><span style=\"color: #000000;\">\u00a0978-3426521304<br \/>\n<\/span><b>ASIN:<\/b> B06Y25KP3S<br \/>\n<strong>Preis:<\/strong> 9,99 Euro<\/p>\n<p><a href=\"https:\/\/www.amazon.de\/Deine-Seele-so-schwarz-Kriminalroman\/dp\/342652130X\/ref=tmm_pap_swatch_0?_encoding=UTF8&amp;qid=1498577046&amp;sr=8-1\" target=\"_blank\">Taschenbuch bestellen<br \/>\n<\/a><a href=\"https:\/\/www.amazon.de\/Deine-Seele-so-schwarz-Kriminalroman-ebook\/dp\/B06Y25KP3S\/ref=tmm_kin_swatch_0?_encoding=UTF8&amp;qid=1498577046&amp;sr=8-1\" target=\"_blank\">E-Book kaufen<\/a><\/p>\n<p><em>\u2026\u2026\u2026\u2026\u2026\u2026\u2026\u2026\u2026\u2026\u2026\u2026\u2026\u2026\u2026\u2026\u2026\u2026\u2026\u2026\u2026<\/em><\/p>\n","protected":false},"excerpt":{"rendered":"<p>Anfang November\u00a0ist es soweit: Kriminalhauptkommissar Moritz Ehrlinspiel und sein Team sind\u00a0in ihrem vierten Fall wieder dem B\u00f6sen auf der Spur. Darauf d\u00fcrfen sich Ehrlinspiel-Fans und Leser\/-innen,\u00a0die den\u00a0Freiburger Ermittler\u00a0erst entdecken, freuen: In einer Sommernacht kommt die Witwe Edith Felber ums Leben, als w\u00e4hrend eines Unwetters das Dach ihrer Werkstatt einst\u00fcrzt und sie unter sich begr\u00e4bt. Ihr [&hellip;]<\/p>\n","protected":false},"author":1212,"featured_media":0,"comment_status":"closed","ping_status":"closed","sticky":false,"template":"","format":"standard","meta":[],"categories":[3],"tags":[],"_links":{"self":[{"href":"https:\/\/www.petra-busch.de\/pb\/index.php?rest_route=\/wp\/v2\/posts\/2643"}],"collection":[{"href":"https:\/\/www.petra-busch.de\/pb\/index.php?rest_route=\/wp\/v2\/posts"}],"about":[{"href":"https:\/\/www.petra-busch.de\/pb\/index.php?rest_route=\/wp\/v2\/types\/post"}],"author":[{"embeddable":true,"href":"https:\/\/www.petra-busch.de\/pb\/index.php?rest_route=\/wp\/v2\/users\/1212"}],"replies":[{"embeddable":true,"href":"https:\/\/www.petra-busch.de\/pb\/index.php?rest_route=%2Fwp%2Fv2%2Fcomments&post=2643"}],"version-history":[{"count":40,"href":"https:\/\/www.petra-busch.de\/pb\/index.php?rest_route=\/wp\/v2\/posts\/2643\/revisions"}],"predecessor-version":[{"id":2686,"href":"https:\/\/www.petra-busch.de\/pb\/index.php?rest_route=\/wp\/v2\/posts\/2643\/revisions\/2686"}],"wp:attachment":[{"href":"https:\/\/www.petra-busch.de\/pb\/index.php?rest_route=%2Fwp%2Fv2%2Fmedia&parent=2643"}],"wp:term":[{"taxonomy":"category","embeddable":true,"href":"https:\/\/www.petra-busch.de\/pb\/index.php?rest_route=%2Fwp%2Fv2%2Fcategories&post=2643"},{"taxonomy":"post_tag","embeddable":true,"href":"https:\/\/www.petra-busch.de\/pb\/index.php?rest_route=%2Fwp%2Fv2%2Ftags&post=2643"}],"curies":[{"name":"wp","href":"https:\/\/api.w.org\/{rel}","templated":true}]}}